{"id":62,"date":"2017-08-20T20:05:55","date_gmt":"2017-08-20T20:05:55","guid":{"rendered":"http:\/\/test.liegeplaetze-edersee.de\/?p=62"},"modified":"2020-07-08T11:10:02","modified_gmt":"2020-07-08T11:10:02","slug":"der-edersee","status":"publish","type":"post","link":"https:\/\/www.liegeplaetze-edersee.de\/?p=62","title":{"rendered":"Der Edersee"},"content":{"rendered":"<p>Der Edersee ist mit seiner L\u00e4nge von 27 km nicht nur ein Paradies f\u00fcr Segler, Surfer und Angler sondern auch ein Eldorado f\u00fcr Taucher und Kanufahrer. Dar\u00fcber hinaus bietet der Edersee und sein Umfeld eine Vielzahl von weiteren Freizeitaktivit\u00e4ten wie zum Beispiel eine Radtour auf dem neuen Radweg rund um den Edersee.<\/p>\n<p><strong>Einige Daten:<\/strong><\/p>\n<p>-L\u00e4nge: 27 km<\/p>\n<p>-max. Breite: 1 km<\/p>\n<p>-max. Tiefe: 42 m<\/p>\n<p>-Wasseroberfl\u00e4che 12 km\u00b2<\/p>\n<p>-Fassungsverm\u00f6gen : 202 Mio.&nbsp; m\u00b3<\/p>\n<p>-L\u00e4nge Uferregion: 69 km<\/p>\n<p>-Talsperrenl\u00e4nge: 400 m<\/p>\n<p>-Windst\u00e4rken : 1 -5 Beaufort<\/p>\n<p>&nbsp;<\/p>\n<p><a href=\"http:\/\/www.edersee.com\">Ferienregion Edersee<\/a><\/p>\n","protected":false},"excerpt":{"rendered":"<p>Der Edersee ist mit seiner L\u00e4nge von 27 km nicht nur ein Paradies f\u00fcr Segler, Surfer und Angler sondern auch ein Eldorado f\u00fcr Taucher und Kanufahrer. Dar\u00fcber hinaus bietet der Edersee und sein Umfeld eine Vielzahl von weiteren Freizeitaktivit\u00e4ten wie zum Beispiel eine Radtour auf dem neuen Radweg rund um den Edersee. Einige Daten: -L\u00e4nge: &hellip; <\/p>\n<p class=\"link-more\"><a href=\"https:\/\/www.liegeplaetze-edersee.de\/?p=62\" class=\"more-link\"><span class=\"screen-reader-text\">\u201eDer Edersee\u201c<\/span> weiterlesen<\/a><\/p>\n","protected":false},"author":1,"featured_media":0,"comment_status":"closed","ping_status":"closed","sticky":false,"template":"","format":"standard","meta":[],"categories":[1],"tags":[],"_links":{"self":[{"href":"https:\/\/www.liegeplaetze-edersee.de\/index.php?rest_route=\/wp\/v2\/posts\/62"}],"collection":[{"href":"https:\/\/www.liegeplaetze-edersee.de\/index.php?rest_route=\/wp\/v2\/posts"}],"about":[{"href":"https:\/\/www.liegeplaetze-edersee.de\/index.php?rest_route=\/wp\/v2\/types\/post"}],"author":[{"embeddable":true,"href":"https:\/\/www.liegeplaetze-edersee.de\/index.php?rest_route=\/wp\/v2\/users\/1"}],"replies":[{"embeddable":true,"href":"https:\/\/www.liegeplaetze-edersee.de\/index.php?rest_route=%2Fwp%2Fv2%2Fcomments&post=62"}],"version-history":[{"count":2,"href":"https:\/\/www.liegeplaetze-edersee.de\/index.php?rest_route=\/wp\/v2\/posts\/62\/revisions"}],"predecessor-version":[{"id":244,"href":"https:\/\/www.liegeplaetze-edersee.de\/index.php?rest_route=\/wp\/v2\/posts\/62\/revisions\/244"}],"wp:attachment":[{"href":"https:\/\/www.liegeplaetze-edersee.de\/index.php?rest_route=%2Fwp%2Fv2%2Fmedia&parent=62"}],"wp:term":[{"taxonomy":"category","embeddable":true,"href":"https:\/\/www.liegeplaetze-edersee.de\/index.php?rest_route=%2Fwp%2Fv2%2Fcategories&post=62"},{"taxonomy":"post_tag","embeddable":true,"href":"https:\/\/www.liegeplaetze-edersee.de\/index.php?rest_route=%2Fwp%2Fv2%2Ftags&post=62"}],"curies":[{"name":"wp","href":"https:\/\/api.w.org\/{rel}","templated":true}]}}